{"id":3277,"date":"2024-09-24T10:02:08","date_gmt":"2024-09-24T10:02:08","guid":{"rendered":"https:\/\/www.pintolopesviagens.com\/blog\/?p=3277"},"modified":"2024-09-24T15:17:08","modified_gmt":"2024-09-24T15:17:08","slug":"grande-circuito-italiano-uma-historia-de-pedro-costa","status":"publish","type":"post","link":"https:\/\/www.pintolopesviagens.com\/blog\/grande-circuito-italiano-uma-historia-de-pedro-costa\/","title":{"rendered":"Grande Circuito Italiano, uma hist\u00f3ria de Pedro Costa"},"content":{"rendered":"[vc_row][vc_column][vc_column_text]<strong>&#8220;As surpresas acontecem quando menos se espera&#8221;<\/strong><\/p>\n<p>Foi no grande circuito Italiano, na cidade de Roma, que ao virar da esquina, logo ap\u00f3s termos deixado o autocarro na via Giovanni Amendola, dobrado a esquina com a via Cavour e entrado na primeira porta \u00e0 nossa direita para o hall de um hotel, quando para minha surpresa, tinha acabado de entrar num edif\u00edcio classificado pelo Minist\u00e9rio do Patrim\u00f3nio Cultural pelo seu valor hist\u00f3rico e arquitet\u00f3nico; era nada mais, nada menos o hotel Bettoja Mediterraneo, um monumento, a onde iria pernoitar por duas noites seguidas![\/vc_column_text][vc_single_image image=&#8221;3290&#8243; img_size=&#8221;full&#8221; add_caption=&#8221;yes&#8221; alignment=&#8221;center&#8221;][vc_column_text]E n\u00e3o era por acaso que se encontrava, \u00e0 nossa chegada, uma equipa de filmagem a arrumar os equipamentos rec\u00e9m usados na rodagem de uma cena para um filme na sala do grande hall do hotel, pois foram j\u00e1 v\u00e1rios os realizadores que se deixaram encantar pela imaculada atmosfera da \u00e9poca dos anos 30, que o hotel ainda preserva.\u00a0Como exemplo, o filme de g\u00e9nero biogr\u00e1fico sobre Carosello Carosone realizado por Lucio Pellegrini em 2021 e baseado na vida do m\u00fasico Renato Carosone, em homenagem ao centen\u00e1rio do seu nascimento.<\/p>\n<p><strong>\u201cComo \u00e9 que surgiu o Hotel Mediterraneo?\u201d<\/strong><br \/>\n<em>Foi fundado pelo meu trisav\u00f4. Antes disso, havia um outro hotel, que se chamava \u201cLago Maggiore\u201d: era um edif\u00edcio de quatro andares que datava de 1875, um dos edif\u00edcios constru\u00eddos na Via Cavour imediatamente ap\u00f3s a Unifica\u00e7\u00e3o de It\u00e1lia. Para o 20\u00ba anivers\u00e1rio do fascismo, estava a ser preparada a exposi\u00e7\u00e3o E42, a exposi\u00e7\u00e3o Eur, a antiga esta\u00e7\u00e3o Termini devia ser demolida e todos os edif\u00edcios com p\u00f3rticos da Piazza del Cinquecento deviam ser demolidos. A Via Cavour tornar-se-ia a principal art\u00e9ria de liga\u00e7\u00e3o entre o centro de Roma e o novo bairro. Por isso, o meu av\u00f4 Maurizio decidiu reconstruir o hotel.<\/em><\/p>\n<p>Passagem transcrita de um artigo da revista Artribune intitulado \u201cRiapre a Roma l\u2019Hotel Mediterraneo. Restaurato uno degli alberghi pi\u00f9 affascinanti della Capitale\u201d entrevista ao director do hotel, Maurizio Bettoja.<\/p>\n<p>E daqui parti, \u00e0 descoberta da It\u00e1lia dentro do \u201cmeu\u201d hotel&#8230;<br \/>\n\u2026 n\u00e3o de chave na m\u00e3o, pois como podem ver na fotografia alusiva ao balc\u00e3o da rece\u00e7\u00e3o, j\u00e1 n\u00e3o h\u00e1 chaves penduradas no belo chaveiro de cobre e verde esmeralda lembrando uma megal\u00f3polis de cole\u00f3pteros, mas parti com a aten\u00e7\u00e3o redobrada nos preciosos elementos que revestem e vestem o elegante hotel Art D\u00e9co.<br \/>\nApressei-me a documentar, atrav\u00e9s da fotografia, a eleg\u00e2ncia do lugar, e aqui nas hist\u00f3rias em viagem, espelhar os m\u00faltiplos detalhes de um lugar preservado, parado no tempo.<\/p>\n<p><strong>Breve resenha hist\u00f3rica:<\/strong><br \/>\nO Hotel Mediterraneo, encomendado em 1930 por Maurizio Bettoja e projetado em 1936 pelo arquiteto Mario Loreti para o E42 (Exposi\u00e7\u00e3o 1942, depois modificado para EUR do acr\u00f4nimo de Esposizione Universale di Roma), \u00e9 um exemplo de arquitetura racionalista e um dos melhores exemplos de Art D\u00e9co em Roma, classificado pelo seu valor hist\u00f3rico e arquitet\u00f3nico. Com 50 metros de altura, 10 andares e 242 quartos, \u00e9 o edif\u00edcio mais alto do Esquilino e o seu estilo \u00e9 inspirado no luxo austero e monumental t\u00edpico dos anos de 1940.<br \/>\nO \u00e1trio apresenta bustos em m\u00e1rmore de imperadores romanos e mosaicos que retratam a hist\u00f3ria de Ulisses. A \u00e1rea da rece\u00e7\u00e3o est\u00e1 decorada com pain\u00e9is de madeira de nogueira, grandes janelas de vidro e pelo m\u00e1rmore bardiglio (origem Italiana), note-se que o tema do mar \u00e9 recorrente em todo o hotel.<br \/>\nQuatro degraus acima do \u00e1trio da entrada, revestido a m\u00e1rmore, conduzem \u00e0 sala comum, decorada com grandes candeeiros e uma representa\u00e7\u00e3o em madeira incrustada na chamin\u00e9 da lareira, do Prometeu de Capizzano, desenhado por Loreti.<\/p>\n<p>Na sala comum, virada \u00e0 Via Cavour, encontra-se a sala dos mapas: numa das paredes, um grande mapa do mar Mediterr\u00e2neo, rodeado de signos do zod\u00edaco, pintado a t\u00eampera sobre pergaminho por Achille Capizzano; na outra parede, um grande painel de madeira incrustada com uma alegoria da escritura atrav\u00e9s da hist\u00f3ria, do mesmo artista. Toda a sala apresenta um belo friso de estuque com representa\u00e7\u00f5es marinhas.<\/p>\n<p>\u00c0 direita da sala comum entra-se na sala do bar 21 onde se encontra o balc\u00e3o do bar concebido por Loreti com mosaicos de Franco D&#8217;Urso e cristais Venini \u2013 marca de destaque do vidro em Murano. Na parede esquerda do bar encontra-se um embutido, um painel em que est\u00e1 representado um grande r\u00e9bus enigm\u00e1tico: tr\u00eas ventos soprando \u2013 o Scirocco, Libeccio e tramontana sobre uma mulher e um diabo que a tenta&#8230; enquanto uma tesoura corta o cabelo de outra mulher.<\/p>\n<p>A partir do bar 21, chega-se \u00e0 sala Polene, onde servem os pequenos-almo\u00e7os, inspirada nas marinhas com vigas de carvalho apoiadas em m\u00edsulas esculpidas em sereias de carvalho, tal carranca, ou figura de proa de navio sobre o ch\u00e3o em ladrilhos pintados \u00e0 m\u00e3o com distintos tons de azuis, ladrilhos produzidos na vila de VIetri sur mare, na costa Amalfitana, simulando o mar banhado pela luz natural filtrada atrav\u00e9s das tr\u00eas altas janelas compostas de m\u00faltiplos vitrais de relevos conc\u00eantricos, tal c\u00e2mara de popa de gale\u00e3o. Dois grandes candeeiros circulares de bronze decorados com sereias pendem do teto, e acesas, as arandelas de bronze adornadas com 3 pequenas figuras de sereias de madeira, iluminam a sala ladeada de altos lambris, tamb\u00e9m eles de carvalho. A vantagem desta nave, \u00e9 que n\u00e3o balan\u00e7a, e o seu ar encontra-se preenchido por aromas emanados do apetitoso pequeno almo\u00e7o.<\/p>\n<p>Na Sala San Giorgio, em continuidade com a decora\u00e7\u00e3o da Sala Polene, encontra-se o mosaico representando S\u00e3o Jorge, da autoria do artista esloveno, nascido em Trieste, Augusto \u010cernigoj. Contigua, encontra-se a sala do Mosaico e que deve o seu nome \u00e0 grande composi\u00e7\u00e3o que representa uma ca\u00e7ada medieval.<br \/>\nDois outros mosaicos est\u00e3o situados por cima das portas do elevador e representam a partida e o regresso de Ulisses: o sol no mosaico de Ulisses prestes a partir est\u00e1 a leste, enquanto no epis\u00f3dio de regresso est\u00e1 posicionado a oeste. Ambos os mosaicos s\u00e3o obra do pintor italiano nascido em Cat\u00e2nia, Franco d&#8217;Urso.<\/p>\n<p>Todo o mobili\u00e1rio estilo Art D\u00e9co, polido com \u00e1lcool e goma-laca, foi desenhado pelo arquiteto Loreti. A ilumina\u00e7\u00e3o, de sua autoria, foi confiada \u00e0 Fontana Arte onde colaborou o arquitecto Gio Ponti e Gustavo Pulitzer, enquanto os lustres em vidro de Murano s\u00e3o da Venini.<\/p>\n<p>No fim da imponente escadaria principal de Loreti, caracterizada por monoblocos independentes de m\u00e1rmore calcatta (localidade de Borghini, regi\u00e3o de Carrara) e uma balaustrada de colunas de m\u00e1rmore vermelho Levanto (distribui\u00e7\u00e3o e explora\u00e7\u00e3o mundial), chega-se ao espl\u00eandido terra\u00e7o do 10\u00ba andar onde uma vasta vista se estende por Roma, e se descortinam o Quirinale e S\u00e3o Pedro.<\/p>\n<p>E como a vida \u00e9 cheia de surpresas, tamb\u00e9m foi no 10\u00ba andar no hotel Royal N\u00e1poles, na primeira estadia do grande circuito Italiano, que me encontrei pela primeira vez com \u201cUma piscina no telhado\u201d \u2013 alus\u00e3o ao titulo do projeto publicado em 1954 na capa da revista Domus \u2013 do arquitecto Gio Ponti, o autor que desenhou muitos dos candeeiros do hotel Mediterraneo, e que tamb\u00e9m foi o autor da bel\u00edssima escadaria da universidade de P\u00e1dua, onde tamb\u00e9m tivemos a oportunidade de poder visitar j\u00e1 com vistas aos Alpes fronteiri\u00e7os.<br \/>\n\u201cDetesto piscinas rectangulares. Os lagos, os rios s\u00e3o rectangulares?\u201d Gio Ponti.[\/vc_column_text][\/vc_column][\/vc_row][vc_row][vc_column][vc_masonry_media_grid gap=&#8221;10&#8243; item=&#8221;masonryGrid_BlurOut&#8221; grid_id=&#8221;vc_gid:1727181864554-84daefe9-548b-4&#8243; include=&#8221;3281,3282,3283,3284,3285,3287,3288,3289,3291,3292,3293,3294,3295,3286&#8243;][vc_column_text]<em>Cr\u00e9dito Imagem: Pedro Costa<\/em>[\/vc_column_text][\/vc_column][\/vc_row][vc_row css=&#8221;.vc_custom_1606144005406{padding-top: 20px !important;padding-right: 20px !important;padding-bottom: 20px !important;padding-left: 20px !important;}&#8221;][vc_column][vc_separator][vc_column_text]\n<p style=\"text-align: left; font-size: 18px;\"><strong>Partilhe tamb\u00e9m a sua hist\u00f3ria de viagens com a PLV. [\/vc_column_text][vc_btn title=&#8221;Consulte aqui toda a informa\u00e7\u00e3o&#8221; style=&#8221;outline-custom&#8221; outline_custom_color=&#8221;#b90062&#8243; outline_custom_hover_background=&#8221;#b90062&#8243; outline_custom_hover_text=&#8221;#ffffff&#8221; shape=&#8221;square&#8221; align=&#8221;center&#8221; i_icon_fontawesome=&#8221;fas fa-hand-point-right&#8221; button_block=&#8221;true&#8221; add_icon=&#8221;true&#8221; link=&#8221;url:https%3A%2F%2Fwww.pintolopesviagens.com%2Fblog%2Fhistorias-em-viagem%2F|||rel:nofollow&#8221;][\/vc_column][\/vc_row][vc_row][vc_column][vc_column_text]<\/strong><\/p>\n[\/vc_column_text][\/vc_column][\/vc_row]\n","protected":false},"excerpt":{"rendered":"<p>[vc_row][vc_column][vc_column_text]&#8220;As surpresas acontecem quando menos se espera&#8221; Foi no grande circuito Italiano, na cidade de Roma, que ao virar da esquina, logo ap\u00f3s termos deixado o autocarro na via Giovanni Amendola, dobrado a esquina com a via Cavour e entrado na primeira porta \u00e0 nossa direita para o hall de um hotel, quando para minha [&hellip;]<\/p>\n","protected":false},"author":6,"featured_media":3309,"comment_status":"closed","ping_status":"closed","sticky":false,"template":"","format":"standard","meta":[],"categories":[504],"tags":[25],"yoast_head":"<!-- This site is optimized with the Yoast SEO plugin v15.7 - https:\/\/yoast.com\/wordpress\/plugins\/seo\/ -->\n<title>Grande Circuito Italiano, uma hist\u00f3ria de Pedro Costa | Postais de Viagem<\/title>\n<meta name=\"description\" content=\"Entre 23 de Janeiro de 2020 e 22 de Fevereiro de 2020, realizei com a PLV a mais extraordin\u00e1ria aventura da minha vida! Completei uma Volta ao Mundo inspirada na viagem de Circum-navega\u00e7\u00e3o do Fern\u00e3o de Magalh\u00e3es.\" \/>\n<meta name=\"robots\" content=\"index, follow, max-snippet:-1, max-image-preview:large, max-video-preview:-1\" \/>\n<link rel=\"canonical\" href=\"https:\/\/www.pintolopesviagens.com\/blog\/grande-circuito-italiano-uma-historia-de-pedro-costa\/\" \/>\n<meta property=\"og:locale\" content=\"pt_PT\" \/>\n<meta property=\"og:type\" content=\"article\" \/>\n<meta property=\"og:title\" content=\"Grande Circuito Italiano, uma hist\u00f3ria de Pedro Costa | Postais de Viagem\" \/>\n<meta property=\"og:description\" content=\"Entre 23 de Janeiro de 2020 e 22 de Fevereiro de 2020, realizei com a PLV a mais extraordin\u00e1ria aventura da minha vida! Completei uma Volta ao Mundo inspirada na viagem de Circum-navega\u00e7\u00e3o do Fern\u00e3o de Magalh\u00e3es.\" \/>\n<meta property=\"og:url\" content=\"https:\/\/www.pintolopesviagens.com\/blog\/grande-circuito-italiano-uma-historia-de-pedro-costa\/\" \/>\n<meta property=\"og:site_name\" content=\"Postais de Viagem\" \/>\n<meta property=\"article:published_time\" content=\"2024-09-24T10:02:08+00:00\" \/>\n<meta property=\"article:modified_time\" content=\"2024-09-24T15:17:08+00:00\" \/>\n<meta property=\"og:image\" content=\"https:\/\/www.pintolopesviagens.com\/blog\/wp-content\/uploads\/2024\/09\/Roma.png\" \/>\n\t<meta property=\"og:image:width\" content=\"1200\" \/>\n\t<meta property=\"og:image:height\" content=\"628\" \/>\n<meta name=\"twitter:card\" content=\"summary_large_image\" \/>\n<meta name=\"twitter:label1\" content=\"Est. reading time\">\n\t<meta name=\"twitter:data1\" content=\"6 minutos\">\n<script type=\"application\/ld+json\" class=\"yoast-schema-graph\">{\"@context\":\"https:\/\/schema.org\",\"@graph\":[{\"@type\":\"WebSite\",\"@id\":\"https:\/\/www.pintolopesviagens.com\/blog\/#website\",\"url\":\"https:\/\/www.pintolopesviagens.com\/blog\/\",\"name\":\"Postais de Viagem\",\"description\":\"O blogue do viajante PLV\",\"potentialAction\":[{\"@type\":\"SearchAction\",\"target\":\"https:\/\/www.pintolopesviagens.com\/blog\/?s={search_term_string}\",\"query-input\":\"required name=search_term_string\"}],\"inLanguage\":\"pt-PT\"},{\"@type\":\"ImageObject\",\"@id\":\"https:\/\/www.pintolopesviagens.com\/blog\/grande-circuito-italiano-uma-historia-de-pedro-costa\/#primaryimage\",\"inLanguage\":\"pt-PT\",\"url\":\"https:\/\/www.pintolopesviagens.com\/blog\/wp-content\/uploads\/2024\/09\/Roma.png\",\"width\":1200,\"height\":628},{\"@type\":\"WebPage\",\"@id\":\"https:\/\/www.pintolopesviagens.com\/blog\/grande-circuito-italiano-uma-historia-de-pedro-costa\/#webpage\",\"url\":\"https:\/\/www.pintolopesviagens.com\/blog\/grande-circuito-italiano-uma-historia-de-pedro-costa\/\",\"name\":\"Grande Circuito Italiano, uma hist\\u00f3ria de Pedro Costa | Postais de Viagem\",\"isPartOf\":{\"@id\":\"https:\/\/www.pintolopesviagens.com\/blog\/#website\"},\"primaryImageOfPage\":{\"@id\":\"https:\/\/www.pintolopesviagens.com\/blog\/grande-circuito-italiano-uma-historia-de-pedro-costa\/#primaryimage\"},\"datePublished\":\"2024-09-24T10:02:08+00:00\",\"dateModified\":\"2024-09-24T15:17:08+00:00\",\"author\":{\"@id\":\"https:\/\/www.pintolopesviagens.com\/blog\/#\/schema\/person\/2c75091f7d696ab745b4517412ecf534\"},\"description\":\"Entre 23 de Janeiro de 2020 e 22 de Fevereiro de 2020, realizei com a PLV a mais extraordin\\u00e1ria aventura da minha vida! Completei uma Volta ao Mundo inspirada na viagem de Circum-navega\\u00e7\\u00e3o do Fern\\u00e3o de Magalh\\u00e3es.\",\"inLanguage\":\"pt-PT\",\"potentialAction\":[{\"@type\":\"ReadAction\",\"target\":[\"https:\/\/www.pintolopesviagens.com\/blog\/grande-circuito-italiano-uma-historia-de-pedro-costa\/\"]}]},{\"@type\":\"Person\",\"@id\":\"https:\/\/www.pintolopesviagens.com\/blog\/#\/schema\/person\/2c75091f7d696ab745b4517412ecf534\",\"name\":\"Viajante PLV\",\"image\":{\"@type\":\"ImageObject\",\"@id\":\"https:\/\/www.pintolopesviagens.com\/blog\/#personlogo\",\"inLanguage\":\"pt-PT\",\"url\":\"https:\/\/secure.gravatar.com\/avatar\/9de642793d8eb6b60d48096ce4af8f10?s=96&d=mm&r=g\",\"caption\":\"Viajante PLV\"}}]}<\/script>\n<!-- \/ Yoast SEO plugin. -->","_links":{"self":[{"href":"https:\/\/www.pintolopesviagens.com\/blog\/wp-json\/wp\/v2\/posts\/3277"}],"collection":[{"href":"https:\/\/www.pintolopesviagens.com\/blog\/wp-json\/wp\/v2\/posts"}],"about":[{"href":"https:\/\/www.pintolopesviagens.com\/blog\/wp-json\/wp\/v2\/types\/post"}],"author":[{"embeddable":true,"href":"https:\/\/www.pintolopesviagens.com\/blog\/wp-json\/wp\/v2\/users\/6"}],"replies":[{"embeddable":true,"href":"https:\/\/www.pintolopesviagens.com\/blog\/wp-json\/wp\/v2\/comments?post=3277"}],"version-history":[{"count":18,"href":"https:\/\/www.pintolopesviagens.com\/blog\/wp-json\/wp\/v2\/posts\/3277\/revisions"}],"predecessor-version":[{"id":3313,"href":"https:\/\/www.pintolopesviagens.com\/blog\/wp-json\/wp\/v2\/posts\/3277\/revisions\/3313"}],"wp:featuredmedia":[{"embeddable":true,"href":"https:\/\/www.pintolopesviagens.com\/blog\/wp-json\/wp\/v2\/media\/3309"}],"wp:attachment":[{"href":"https:\/\/www.pintolopesviagens.com\/blog\/wp-json\/wp\/v2\/media?parent=3277"}],"wp:term":[{"taxonomy":"category","embeddable":true,"href":"https:\/\/www.pintolopesviagens.com\/blog\/wp-json\/wp\/v2\/categories?post=3277"},{"taxonomy":"post_tag","embeddable":true,"href":"https:\/\/www.pintolopesviagens.com\/blog\/wp-json\/wp\/v2\/tags?post=3277"}],"curies":[{"name":"wp","href":"https:\/\/api.w.org\/{rel}","templated":true}]}}