{"id":2773,"date":"2021-01-15T16:27:34","date_gmt":"2021-01-15T16:27:34","guid":{"rendered":"https:\/\/www.pintolopesviagens.com\/blog\/?p=2773"},"modified":"2021-01-15T16:35:08","modified_gmt":"2021-01-15T16:35:08","slug":"museu-do-holocausto-no-porto","status":"publish","type":"post","link":"https:\/\/www.pintolopesviagens.com\/blog\/museu-do-holocausto-no-porto\/","title":{"rendered":"Museu do holocausto no Porto"},"content":{"rendered":"[vc_row][vc_column][vc_column_text]<strong>\u00c9 no Porto que vai nascer (dentro de dias) o primeiro Museu do Holocausto na Pen\u00ednsula Ib\u00e9rica<\/strong><\/p>\n<p>Este projeto de extremo valor \u00e9 tutelado por membros da comunidade judaica do Porto cujos pais, av\u00f3s e familiares foram v\u00edtimas do Holocausto e visa contribuir, em parceria com museus de outras importantes cidades a n\u00edvel mundial, para \u201cuma mem\u00f3ria que n\u00e3o pode ser apagada\u201d.<\/p>\n<p>\u00c9 j\u00e1 no pr\u00f3ximo dia 20 que os habitantes e visitantes da cidade do Porto poder\u00e3o ficar a conhecer um pouco melhor a hist\u00f3ria associada ao Holocausto. A Comunidade Judaica do Porto (CJP) anunciou na passada ter\u00e7a-feira que o primeiro Museu do Holocausto na Pen\u00ednsula Ib\u00e9rica ser\u00e1 inaugurado nessa data, na zona do Campo Alegre.<\/p>\n<p>Neste novo espa\u00e7o museol\u00f3gico existir\u00e1 uma reprodu\u00e7\u00e3o dos dormit\u00f3rios do campo de concentra\u00e7\u00e3o de Auschwitz, assim como uma sala de nomes, um memorial da chama, cinema, corredores com a narrativa completa e fotografias e ecr\u00e3s exibindo filmes reais sobre todas as fases desta trag\u00e9dia que marcou o s\u00e9culo XX.<\/p>\n<p>Tutelado por membros da Comunidade Judaica do Porto cujos pais, av\u00f3s e familiares foram v\u00edtimas do Holocausto, o Museu do Holocausto no Porto desenvolver\u00e1 parcerias de coopera\u00e7\u00e3o com museus do Holocausto em Moscovo, Hong Kong, Estados Unidos e Europa, contribuindo para \u201cuma mem\u00f3ria que n\u00e3o pode ser apagada\u201d. Segundo a mesma entidade, este novo museu \u201cretrata a vida judaica antes do Holocausto, o nazismo, a expans\u00e3o nazi na Europa, os guetos, os refugiados, os campos de concentra\u00e7\u00e3o, de trabalho e de exterm\u00ednio, a Solu\u00e7\u00e3o Final, as marchas da morte, a liberta\u00e7\u00e3o, a popula\u00e7\u00e3o judaica no p\u00f3s-guerra, a funda\u00e7\u00e3o do Estado de Israel, vencer ou morrer de fome, os justos entre as na\u00e7\u00f5es\u201d.<\/p>\n<p>Sendo emitida autoriza\u00e7\u00e3o pela Dire\u00e7\u00e3o-Geral da Sa\u00fade, a inaugura\u00e7\u00e3o contemplar\u00e1 \u201cuma cerim\u00f3nia mais reservada e sentimental\u201d, com um total de 30 pessoas, que n\u00e3o durar\u00e1 mais do que 50 minutos. Ser\u00e1 liderada por Dias Ben Zion, presidente da Comunidade Judaica do Porto, e Rui Moreira, presidente da C\u00e2mara Municipal do Porto.<\/p>\n<p>Na inaugura\u00e7\u00e3o estar\u00e3o igualmente presentes os embaixadores das pot\u00eancias envolvidas na Segunda Guerra Mundial e de Israel, o bispo do Porto, o presidente da Comunidade Mu\u00e7ulmana da cidade, entre outras personalidades. O Governo far-se-\u00e1 representar pelo secret\u00e1rio de Estado da Cultura.[\/vc_column_text][vc_column_text]<em>Cr\u00e9dito Imagem: Shutterstock Inc.<\/em>[\/vc_column_text][\/vc_column][\/vc_row]\n","protected":false},"excerpt":{"rendered":"<p>[vc_row][vc_column][vc_column_text]\u00c9 no Porto que vai nascer (dentro de dias) o primeiro Museu do Holocausto na Pen\u00ednsula Ib\u00e9rica Este projeto de extremo valor \u00e9 tutelado por membros da comunidade judaica do Porto cujos pais, av\u00f3s e familiares foram v\u00edtimas do Holocausto e visa contribuir, em parceria com museus de outras importantes cidades a n\u00edvel mundial, para [&hellip;]<\/p>\n","protected":false},"author":3,"featured_media":2775,"comment_status":"closed","ping_status":"closed","sticky":false,"template":"","format":"standard","meta":[],"categories":[493,500],"tags":[511,508],"yoast_head":"<!-- This site is optimized with the Yoast SEO plugin v15.7 - https:\/\/yoast.com\/wordpress\/plugins\/seo\/ -->\n<title>Museu do Holocausto no Porto<\/title>\n<meta name=\"description\" content=\"\u00c9 no Porto que vai nascer (dentro de dias) o primeiro Museu do Holocausto na Pen\u00ednsula Ib\u00e9ricaEste projeto de extremo valor \u00e9 tutelado por membros da comunidade judaica do Porto cujos pais, av\u00f3s e familiares foram v\u00edtimas do Holocausto e visa contribuir, em parceria com museus de outras importantes cidades a n\u00edvel mundial, para \u201cuma mem\u00f3ria que n\u00e3o pode ser apagada\u201d.\" \/>\n<meta name=\"robots\" content=\"index, follow, max-snippet:-1, max-image-preview:large, max-video-preview:-1\" \/>\n<link rel=\"canonical\" href=\"https:\/\/www.pintolopesviagens.com\/blog\/museu-do-holocausto-no-porto\/\" \/>\n<meta property=\"og:locale\" content=\"pt_PT\" \/>\n<meta property=\"og:type\" content=\"article\" \/>\n<meta property=\"og:title\" content=\"Museu do Holocausto no Porto\" \/>\n<meta property=\"og:description\" content=\"\u00c9 no Porto que vai nascer (dentro de dias) o primeiro Museu do Holocausto na Pen\u00ednsula Ib\u00e9ricaEste projeto de extremo valor \u00e9 tutelado por membros da comunidade judaica do Porto cujos pais, av\u00f3s e familiares foram v\u00edtimas do Holocausto e visa contribuir, em parceria com museus de outras importantes cidades a n\u00edvel mundial, para \u201cuma mem\u00f3ria que n\u00e3o pode ser apagada\u201d.\" \/>\n<meta property=\"og:url\" content=\"https:\/\/www.pintolopesviagens.com\/blog\/museu-do-holocausto-no-porto\/\" \/>\n<meta property=\"og:site_name\" content=\"Postais de Viagem\" \/>\n<meta property=\"article:published_time\" content=\"2021-01-15T16:27:34+00:00\" \/>\n<meta property=\"article:modified_time\" content=\"2021-01-15T16:35:08+00:00\" \/>\n<meta property=\"og:image\" content=\"https:\/\/www.pintolopesviagens.com\/blog\/wp-content\/uploads\/2021\/01\/Museu-do-Holocausto-Porto.jpg\" \/>\n\t<meta property=\"og:image:width\" content=\"1200\" \/>\n\t<meta property=\"og:image:height\" content=\"628\" \/>\n<meta name=\"twitter:card\" content=\"summary_large_image\" \/>\n<meta name=\"twitter:label1\" content=\"Est. reading time\">\n\t<meta name=\"twitter:data1\" content=\"2 minutos\">\n<script type=\"application\/ld+json\" class=\"yoast-schema-graph\">{\"@context\":\"https:\/\/schema.org\",\"@graph\":[{\"@type\":\"WebSite\",\"@id\":\"https:\/\/www.pintolopesviagens.com\/blog\/#website\",\"url\":\"https:\/\/www.pintolopesviagens.com\/blog\/\",\"name\":\"Postais de Viagem\",\"description\":\"O blogue do viajante PLV\",\"potentialAction\":[{\"@type\":\"SearchAction\",\"target\":\"https:\/\/www.pintolopesviagens.com\/blog\/?s={search_term_string}\",\"query-input\":\"required name=search_term_string\"}],\"inLanguage\":\"pt-PT\"},{\"@type\":\"ImageObject\",\"@id\":\"https:\/\/www.pintolopesviagens.com\/blog\/museu-do-holocausto-no-porto\/#primaryimage\",\"inLanguage\":\"pt-PT\",\"url\":\"https:\/\/www.pintolopesviagens.com\/blog\/wp-content\/uploads\/2021\/01\/Museu-do-Holocausto-Porto.jpg\",\"width\":1200,\"height\":628},{\"@type\":\"WebPage\",\"@id\":\"https:\/\/www.pintolopesviagens.com\/blog\/museu-do-holocausto-no-porto\/#webpage\",\"url\":\"https:\/\/www.pintolopesviagens.com\/blog\/museu-do-holocausto-no-porto\/\",\"name\":\"Museu do Holocausto no Porto\",\"isPartOf\":{\"@id\":\"https:\/\/www.pintolopesviagens.com\/blog\/#website\"},\"primaryImageOfPage\":{\"@id\":\"https:\/\/www.pintolopesviagens.com\/blog\/museu-do-holocausto-no-porto\/#primaryimage\"},\"datePublished\":\"2021-01-15T16:27:34+00:00\",\"dateModified\":\"2021-01-15T16:35:08+00:00\",\"author\":{\"@id\":\"https:\/\/www.pintolopesviagens.com\/blog\/#\/schema\/person\/e7a3daf4a1bb0d1bec1bbbde4eacb052\"},\"description\":\"\\u00c9 no Porto que vai nascer (dentro de dias) o primeiro Museu do Holocausto na Pen\\u00ednsula Ib\\u00e9ricaEste projeto de extremo valor \\u00e9 tutelado por membros da comunidade judaica do Porto cujos pais, av\\u00f3s e familiares foram v\\u00edtimas do Holocausto e visa contribuir, em parceria com museus de outras importantes cidades a n\\u00edvel mundial, para \\u201cuma mem\\u00f3ria que n\\u00e3o pode ser apagada\\u201d.\",\"inLanguage\":\"pt-PT\",\"potentialAction\":[{\"@type\":\"ReadAction\",\"target\":[\"https:\/\/www.pintolopesviagens.com\/blog\/museu-do-holocausto-no-porto\/\"]}]},{\"@type\":\"Person\",\"@id\":\"https:\/\/www.pintolopesviagens.com\/blog\/#\/schema\/person\/e7a3daf4a1bb0d1bec1bbbde4eacb052\",\"name\":\"Pinto Lopes Viagens\",\"image\":{\"@type\":\"ImageObject\",\"@id\":\"https:\/\/www.pintolopesviagens.com\/blog\/#personlogo\",\"inLanguage\":\"pt-PT\",\"url\":\"https:\/\/secure.gravatar.com\/avatar\/65519038347b1970d58269c1db40fdb6?s=96&d=mm&r=g\",\"caption\":\"Pinto Lopes Viagens\"}}]}<\/script>\n<!-- \/ Yoast SEO plugin. -->","_links":{"self":[{"href":"https:\/\/www.pintolopesviagens.com\/blog\/wp-json\/wp\/v2\/posts\/2773"}],"collection":[{"href":"https:\/\/www.pintolopesviagens.com\/blog\/wp-json\/wp\/v2\/posts"}],"about":[{"href":"https:\/\/www.pintolopesviagens.com\/blog\/wp-json\/wp\/v2\/types\/post"}],"author":[{"embeddable":true,"href":"https:\/\/www.pintolopesviagens.com\/blog\/wp-json\/wp\/v2\/users\/3"}],"replies":[{"embeddable":true,"href":"https:\/\/www.pintolopesviagens.com\/blog\/wp-json\/wp\/v2\/comments?post=2773"}],"version-history":[{"count":2,"href":"https:\/\/www.pintolopesviagens.com\/blog\/wp-json\/wp\/v2\/posts\/2773\/revisions"}],"predecessor-version":[{"id":2776,"href":"https:\/\/www.pintolopesviagens.com\/blog\/wp-json\/wp\/v2\/posts\/2773\/revisions\/2776"}],"wp:featuredmedia":[{"embeddable":true,"href":"https:\/\/www.pintolopesviagens.com\/blog\/wp-json\/wp\/v2\/media\/2775"}],"wp:attachment":[{"href":"https:\/\/www.pintolopesviagens.com\/blog\/wp-json\/wp\/v2\/media?parent=2773"}],"wp:term":[{"taxonomy":"category","embeddable":true,"href":"https:\/\/www.pintolopesviagens.com\/blog\/wp-json\/wp\/v2\/categories?post=2773"},{"taxonomy":"post_tag","embeddable":true,"href":"https:\/\/www.pintolopesviagens.com\/blog\/wp-json\/wp\/v2\/tags?post=2773"}],"curies":[{"name":"wp","href":"https:\/\/api.w.org\/{rel}","templated":true}]}}