{"id":2553,"date":"2020-11-23T14:53:09","date_gmt":"2020-11-23T14:53:09","guid":{"rendered":"https:\/\/www.pintolopesviagens.com\/blog\/?p=2553"},"modified":"2020-11-23T20:53:36","modified_gmt":"2020-11-23T20:53:36","slug":"volta-ao-mundo-uma-historia-de-pedro-santos","status":"publish","type":"post","link":"https:\/\/www.pintolopesviagens.com\/blog\/volta-ao-mundo-uma-historia-de-pedro-santos\/","title":{"rendered":"Volta ao Mundo, uma hist\u00f3ria de Pedro Santos"},"content":{"rendered":"[vc_row][vc_column][vc_column_text]<strong>Entre 23 de Janeiro de 2020 e 22 de Fevereiro de 2020, realizei com a PLV a mais extraordin\u00e1ria aventura da minha vida! Completei uma Volta ao Mundo inspirada na viagem de Circum-navega\u00e7\u00e3o do Fern\u00e3o de Magalh\u00e3es.<\/strong><\/p>\n<p>Viajar para mim \u00e9 uma das coisas mais enriquecedoras que podemos fazer e esta foi sem d\u00favida a viagem de uma vida, que me marcar\u00e1 para sempre e que me motivou a escrever umas mem\u00f3rias, em cap\u00edtulos, um para cada pa\u00eds visitado, e foram onze ao todo.[\/vc_column_text][vc_single_image image=&#8221;2556&#8243; img_size=&#8221;full&#8221; add_caption=&#8221;yes&#8221; alignment=&#8221;center&#8221;][vc_column_text]Gostaria de partilhar convosco o cap\u00edtulo XIV \u2013 \u201cJ\u00e1 a Saudade\u201d, que no fundo \u00e9 um pequeno resumo da mesma:<\/p>\n<p>\u201c<strong>Uma viagem para muitos \u00e9 uma despesa, para mim continua a ser um investimento e esta foi deveras gratificante!<\/strong><br \/>\nRecordo j\u00e1 com alguma saudade cada minuto da viagem! Os dezanove voos que totalizaram 4985 minutos (83h), as travessias de ferry do Rio da Prata e de tr\u00eas Lagos Andinos, e algumas viagens de autocarro, permitiram-me atravessar cinco continentes, onze pa\u00edses, tr\u00eas oceanos, rios, lagos e cordilheiras montanhosas, visitar mais de vinte cidades, dezenas de monumentos hist\u00f3ricos, alguns deles Patrim\u00f3nio UNESCO, perder literalmente um dia atravessando a linha do tempo, atravessar nove fusos hor\u00e1rios, usar onze moedas diferentes, contactar com as comunidades locais e comunicar em diversos idiomas, inclusivamente em Portugu\u00eas na \u00cdndia e na Mal\u00e1sia, ter provado iguarias locais, umas mais ex\u00f3ticas do que outras, ter atravessado por quatro vezes a linha do Equador, sendo que a viagem decorreu maioritariamente no hemisf\u00e9rio sul, e com tudo isto completar uma viagem de circum-navega\u00e7\u00e3o em somente trinta e um dias, um feito que seguramente nem todos n\u00f3s, comuns mortais, nos poderemos gabar de ter feito na vida.<\/p>\n<p>Uma parte importante e fundamental de uma viagem s\u00e3o as pessoas, e nesta foi igual. Naturalmente n\u00e3o escolhi os vinte e cinco parceiros de viagem, mas at\u00e9 sob esse ponto de vista correu muito bem, pois form\u00e1mos um grupo coeso e bem-disposto em que naturalmente o denominador comum era o gosto por viajar. Ernest Hemingway dizia que n\u00e3o vale a pena viajar com algu\u00e9m de quem n\u00e3o se goste, e hoje posso afirmar que viajei com \u201calgu\u00e9ns\u201d de quem fui gostando e que ganhei mais uns quantos companheiros para a vida! Muitas foram as conversas que tivemos e troca de experi\u00eancias que sem d\u00favida enriqueceram a viagem. Al\u00e9m do Jorge e da Isabel, recordo, a Dalva e a Josefina, a Alice, a Carmina, a Isabel e o Albano, a Ivone, as \u201cAnas\u201d, a Ol\u00edmpia, a Gilda, a Piedade, a Ol\u00edmpia e o Ant\u00f3nio, a \u201cBela\u201d e o Victor, o Fernando e a Leoc\u00e1dia, a Ant\u00f3nia, a Lu\u00edsa, a Margarida e tamb\u00e9m o nosso autor, Gon\u00e7alo.<\/p>\n<p>Na verdade, <strong>as viagens valem sobretudo por aquilo que n\u00f3s conseguimos fazer e retirar delas, e eu julgo ter feito desta viagem singular de trinta e um dias, um per\u00edodo verdadeiramente, \u00fanico, extraordin\u00e1rio, inesquec\u00edvel e irrepet\u00edvel na minha vida<\/strong>, onde houve momentos de alegria, tristeza, houve sorrisos e l\u00e1grimas, e da qual fica um ensinamento para o futuro e que quero guardar para a vida, vale mesmo a pena celebrar e viver o melhor poss\u00edvel a vida, e sobretudo apreciar o que ela nos oferece, n\u00e3o nos prendermos com pequenas coisas, at\u00e9 porque n\u00e3o teremos uma segunda oportunidade para a viver. Por mim, acho que encontrei a maneira de ser verdadeiramente feliz, a viajar, e tamb\u00e9m por isso, sou definitivamente um tipo aben\u00e7oado com sorte, mas sobretudo agradecido por aquilo que a minha vida me tem proporcionado!<\/p>\n<p>E por aqui me fico, n\u00e3o sou escritor nem tenho veleidade para tal, mas escrever estas palavras foi tamb\u00e9m uma forma diferente de viajar, de viver, de recordar, de me emocionar, e sobretudo de honrar a mem\u00f3ria de algu\u00e9m que n\u00e3o as poder\u00e1 ler, o que lamento profundamente, e tamb\u00e9m por isso, o ano de 2020 ser\u00e1 eternamente recordado e profundamente marcado!\u201d[\/vc_column_text][\/vc_column][\/vc_row][vc_row][vc_column][vc_masonry_media_grid gap=&#8221;10&#8243; item=&#8221;masonryGrid_BlurOut&#8221; grid_id=&#8221;vc_gid:1606150959188-c071ffbb-fde4-2&#8243; include=&#8221;2558,2559,2560,2561,2562,2563,2564,2565,2566&#8243;][vc_column_text]<em>Cr\u00e9dito Imagem: Pedro Santos<\/em>[\/vc_column_text][\/vc_column][\/vc_row][vc_row css=&#8221;.vc_custom_1606144005406{padding-top: 20px !important;padding-right: 20px !important;padding-bottom: 20px !important;padding-left: 20px !important;}&#8221;][vc_column][vc_separator][vc_column_text]\n<p style=\"text-align: left; font-size: 18px;\"><strong>Partilhe tamb\u00e9m a sua hist\u00f3ria de viagens com a PLV. [\/vc_column_text][vc_btn title=&#8221;Consulte aqui toda a informa\u00e7\u00e3o&#8221; style=&#8221;outline-custom&#8221; outline_custom_color=&#8221;#b90062&#8243; outline_custom_hover_background=&#8221;#b90062&#8243; outline_custom_hover_text=&#8221;#ffffff&#8221; shape=&#8221;square&#8221; align=&#8221;center&#8221; i_icon_fontawesome=&#8221;fas fa-hand-point-right&#8221; button_block=&#8221;true&#8221; add_icon=&#8221;true&#8221; link=&#8221;url:https%3A%2F%2Fwww.pintolopesviagens.com%2Fblog%2Fhistorias-em-viagem%2F|||rel:nofollow&#8221;][\/vc_column][\/vc_row][vc_row][vc_column][vc_column_text]<\/strong><\/p>\n[\/vc_column_text][\/vc_column][\/vc_row]\n","protected":false},"excerpt":{"rendered":"<p>[vc_row][vc_column][vc_column_text]Entre 23 de Janeiro de 2020 e 22 de Fevereiro de 2020, realizei com a PLV a mais extraordin\u00e1ria aventura da minha vida! Completei uma Volta ao Mundo inspirada na viagem de Circum-navega\u00e7\u00e3o do Fern\u00e3o de Magalh\u00e3es. Viajar para mim \u00e9 uma das coisas mais enriquecedoras que podemos fazer e esta foi sem d\u00favida a [&hellip;]<\/p>\n","protected":false},"author":6,"featured_media":2576,"comment_status":"closed","ping_status":"closed","sticky":false,"template":"","format":"standard","meta":[],"categories":[504],"tags":[505],"yoast_head":"<!-- This site is optimized with the Yoast SEO plugin v15.7 - https:\/\/yoast.com\/wordpress\/plugins\/seo\/ -->\n<title>Volta ao Mundo, uma hist\u00f3ria de Pedro Santos | Postais de Viagem<\/title>\n<meta name=\"description\" content=\"Entre 23 de Janeiro de 2020 e 22 de Fevereiro de 2020, realizei com a PLV a mais extraordin\u00e1ria aventura da minha vida! Completei uma Volta ao Mundo inspirada na viagem de Circum-navega\u00e7\u00e3o do Fern\u00e3o de Magalh\u00e3es.\" \/>\n<meta name=\"robots\" content=\"index, follow, max-snippet:-1, max-image-preview:large, max-video-preview:-1\" \/>\n<link rel=\"canonical\" href=\"https:\/\/www.pintolopesviagens.com\/blog\/volta-ao-mundo-uma-historia-de-pedro-santos\/\" \/>\n<meta property=\"og:locale\" content=\"pt_PT\" \/>\n<meta property=\"og:type\" content=\"article\" \/>\n<meta property=\"og:title\" content=\"Volta ao Mundo, uma hist\u00f3ria de Pedro Santos | Postais de Viagem\" \/>\n<meta property=\"og:description\" content=\"Entre 23 de Janeiro de 2020 e 22 de Fevereiro de 2020, realizei com a PLV a mais extraordin\u00e1ria aventura da minha vida! Completei uma Volta ao Mundo inspirada na viagem de Circum-navega\u00e7\u00e3o do Fern\u00e3o de Magalh\u00e3es.\" \/>\n<meta property=\"og:url\" content=\"https:\/\/www.pintolopesviagens.com\/blog\/volta-ao-mundo-uma-historia-de-pedro-santos\/\" \/>\n<meta property=\"og:site_name\" content=\"Postais de Viagem\" \/>\n<meta property=\"article:published_time\" content=\"2020-11-23T14:53:09+00:00\" \/>\n<meta property=\"article:modified_time\" content=\"2020-11-23T20:53:36+00:00\" \/>\n<meta property=\"og:image\" content=\"https:\/\/www.pintolopesviagens.com\/blog\/wp-content\/uploads\/2020\/11\/Cover@Historia.jpg\" \/>\n\t<meta property=\"og:image:width\" content=\"1200\" \/>\n\t<meta property=\"og:image:height\" content=\"628\" \/>\n<meta name=\"twitter:card\" content=\"summary_large_image\" \/>\n<meta name=\"twitter:label1\" content=\"Est. reading time\">\n\t<meta name=\"twitter:data1\" content=\"4 minutos\">\n<script type=\"application\/ld+json\" class=\"yoast-schema-graph\">{\"@context\":\"https:\/\/schema.org\",\"@graph\":[{\"@type\":\"WebSite\",\"@id\":\"https:\/\/www.pintolopesviagens.com\/blog\/#website\",\"url\":\"https:\/\/www.pintolopesviagens.com\/blog\/\",\"name\":\"Postais de Viagem\",\"description\":\"O blogue do viajante PLV\",\"potentialAction\":[{\"@type\":\"SearchAction\",\"target\":\"https:\/\/www.pintolopesviagens.com\/blog\/?s={search_term_string}\",\"query-input\":\"required name=search_term_string\"}],\"inLanguage\":\"pt-PT\"},{\"@type\":\"ImageObject\",\"@id\":\"https:\/\/www.pintolopesviagens.com\/blog\/volta-ao-mundo-uma-historia-de-pedro-santos\/#primaryimage\",\"inLanguage\":\"pt-PT\",\"url\":\"https:\/\/www.pintolopesviagens.com\/blog\/wp-content\/uploads\/2020\/11\/Cover@Historia.jpg\",\"width\":1200,\"height\":628},{\"@type\":\"WebPage\",\"@id\":\"https:\/\/www.pintolopesviagens.com\/blog\/volta-ao-mundo-uma-historia-de-pedro-santos\/#webpage\",\"url\":\"https:\/\/www.pintolopesviagens.com\/blog\/volta-ao-mundo-uma-historia-de-pedro-santos\/\",\"name\":\"Volta ao Mundo, uma hist\\u00f3ria de Pedro Santos | Postais de Viagem\",\"isPartOf\":{\"@id\":\"https:\/\/www.pintolopesviagens.com\/blog\/#website\"},\"primaryImageOfPage\":{\"@id\":\"https:\/\/www.pintolopesviagens.com\/blog\/volta-ao-mundo-uma-historia-de-pedro-santos\/#primaryimage\"},\"datePublished\":\"2020-11-23T14:53:09+00:00\",\"dateModified\":\"2020-11-23T20:53:36+00:00\",\"author\":{\"@id\":\"https:\/\/www.pintolopesviagens.com\/blog\/#\/schema\/person\/2c75091f7d696ab745b4517412ecf534\"},\"description\":\"Entre 23 de Janeiro de 2020 e 22 de Fevereiro de 2020, realizei com a PLV a mais extraordin\\u00e1ria aventura da minha vida! Completei uma Volta ao Mundo inspirada na viagem de Circum-navega\\u00e7\\u00e3o do Fern\\u00e3o de Magalh\\u00e3es.\",\"inLanguage\":\"pt-PT\",\"potentialAction\":[{\"@type\":\"ReadAction\",\"target\":[\"https:\/\/www.pintolopesviagens.com\/blog\/volta-ao-mundo-uma-historia-de-pedro-santos\/\"]}]},{\"@type\":\"Person\",\"@id\":\"https:\/\/www.pintolopesviagens.com\/blog\/#\/schema\/person\/2c75091f7d696ab745b4517412ecf534\",\"name\":\"Viajante PLV\",\"image\":{\"@type\":\"ImageObject\",\"@id\":\"https:\/\/www.pintolopesviagens.com\/blog\/#personlogo\",\"inLanguage\":\"pt-PT\",\"url\":\"https:\/\/secure.gravatar.com\/avatar\/9de642793d8eb6b60d48096ce4af8f10?s=96&d=mm&r=g\",\"caption\":\"Viajante PLV\"}}]}<\/script>\n<!-- \/ Yoast SEO plugin. -->","_links":{"self":[{"href":"https:\/\/www.pintolopesviagens.com\/blog\/wp-json\/wp\/v2\/posts\/2553"}],"collection":[{"href":"https:\/\/www.pintolopesviagens.com\/blog\/wp-json\/wp\/v2\/posts"}],"about":[{"href":"https:\/\/www.pintolopesviagens.com\/blog\/wp-json\/wp\/v2\/types\/post"}],"author":[{"embeddable":true,"href":"https:\/\/www.pintolopesviagens.com\/blog\/wp-json\/wp\/v2\/users\/6"}],"replies":[{"embeddable":true,"href":"https:\/\/www.pintolopesviagens.com\/blog\/wp-json\/wp\/v2\/comments?post=2553"}],"version-history":[{"count":15,"href":"https:\/\/www.pintolopesviagens.com\/blog\/wp-json\/wp\/v2\/posts\/2553\/revisions"}],"predecessor-version":[{"id":2579,"href":"https:\/\/www.pintolopesviagens.com\/blog\/wp-json\/wp\/v2\/posts\/2553\/revisions\/2579"}],"wp:featuredmedia":[{"embeddable":true,"href":"https:\/\/www.pintolopesviagens.com\/blog\/wp-json\/wp\/v2\/media\/2576"}],"wp:attachment":[{"href":"https:\/\/www.pintolopesviagens.com\/blog\/wp-json\/wp\/v2\/media?parent=2553"}],"wp:term":[{"taxonomy":"category","embeddable":true,"href":"https:\/\/www.pintolopesviagens.com\/blog\/wp-json\/wp\/v2\/categories?post=2553"},{"taxonomy":"post_tag","embeddable":true,"href":"https:\/\/www.pintolopesviagens.com\/blog\/wp-json\/wp\/v2\/tags?post=2553"}],"curies":[{"name":"wp","href":"https:\/\/api.w.org\/{rel}","templated":true}]}}